{"id":120,"date":"2019-09-19T15:12:44","date_gmt":"2019-09-19T15:12:44","guid":{"rendered":"http:\/\/malta-firmengruendung.de\/?p=120"},"modified":"2019-09-19T15:13:35","modified_gmt":"2019-09-19T15:13:35","slug":"das-land-malta","status":"publish","type":"post","link":"http:\/\/malta-firmengruendung.de\/fr\/das-land-malta","title":{"rendered":"Le pays de Malte"},"content":{"rendered":"<p>Le pays fait une distinction entre la r\u00e9sidence fiscale et la r\u00e9sidence habituelle.<!--more--> La distinction est la pr\u00e9sence courante ou habituelle. Pour que le domicile soit consid\u00e9r\u00e9 comme r\u00e9sidence fiscale, je dois \u00eatre pr\u00e9sent sur place au moins 183 jours par an.<br \/>\n<strong>Malte Double imposition<\/strong><br \/>\nCe ne serait pas obligatoire, mais en cas de s\u00e9jour plus court, la convention de double imposition s'appliquerait. Ainsi, depuis la cr\u00e9ation de mon entreprise maltaise, je prends effectivement mes d\u00e9cisions essentielles ici, dans le pays, ce qui en vaut absolument la peine en raison du temps magnifique, des gens sympathiques et des femmes extr\u00eamement accessibles. Je n'ai jamais regrett\u00e9 une seule journ\u00e9e d'avoir fait ce choix. Je le recommande \u00e0 tous les entrepreneurs qui pourraient faire tourner leur entreprise depuis ici. L'\u00e9conomie en ligne en fait certainement partie. J'invite donc mes amis entrepreneurs allemands \u00e0 se lib\u00e9rer enfin de la charge fiscale allemande absurde et des tracasseries des services fiscaux allemands et \u00e0 opter pour une soci\u00e9t\u00e9 maltaise. J'ai b\u00e9n\u00e9fici\u00e9 d'excellents conseils \u00e0 ce sujet et je remercie ici le cabinet qui m'a fourni une assistance compl\u00e8te.<\/p>","protected":false},"excerpt":{"rendered":"<p>Le pays fait une distinction entre la r\u00e9sidence fiscale et la r\u00e9sidence habituelle.<\/p>","protected":false},"author":1,"featured_media":106,"comment_status":"open","ping_status":"open","sticky":false,"template":"","format":"standard","meta":{"footnotes":""},"categories":[13],"tags":[15,5,14],"class_list":["post-120","post","type-post","status-publish","format-standard","has-post-thumbnail","hentry","category-inselmalta","tag-inselstaat","tag-malta","tag-malteser"],"_links":{"self":[{"href":"http:\/\/malta-firmengruendung.de\/fr\/wp-json\/wp\/v2\/posts\/120","targetHints":{"allow":["GET"]}}],"collection":[{"href":"http:\/\/malta-firmengruendung.de\/fr\/wp-json\/wp\/v2\/posts"}],"about":[{"href":"http:\/\/malta-firmengruendung.de\/fr\/wp-json\/wp\/v2\/types\/post"}],"author":[{"embeddable":true,"href":"http:\/\/malta-firmengruendung.de\/fr\/wp-json\/wp\/v2\/users\/1"}],"replies":[{"embeddable":true,"href":"http:\/\/malta-firmengruendung.de\/fr\/wp-json\/wp\/v2\/comments?post=120"}],"version-history":[{"count":2,"href":"http:\/\/malta-firmengruendung.de\/fr\/wp-json\/wp\/v2\/posts\/120\/revisions"}],"predecessor-version":[{"id":122,"href":"http:\/\/malta-firmengruendung.de\/fr\/wp-json\/wp\/v2\/posts\/120\/revisions\/122"}],"wp:featuredmedia":[{"embeddable":true,"href":"http:\/\/malta-firmengruendung.de\/fr\/wp-json\/wp\/v2\/media\/106"}],"wp:attachment":[{"href":"http:\/\/malta-firmengruendung.de\/fr\/wp-json\/wp\/v2\/media?parent=120"}],"wp:term":[{"taxonomy":"category","embeddable":true,"href":"http:\/\/malta-firmengruendung.de\/fr\/wp-json\/wp\/v2\/categories?post=120"},{"taxonomy":"post_tag","embeddable":true,"href":"http:\/\/malta-firmengruendung.de\/fr\/wp-json\/wp\/v2\/tags?post=120"}],"curies":[{"name":"wp","href":"https:\/\/api.w.org\/{rel}","templated":true}]}}