{"id":94,"date":"2019-09-05T08:50:39","date_gmt":"2019-09-05T08:50:39","guid":{"rendered":"http:\/\/malta-firmengruendung.de\/?p=94"},"modified":"2019-09-17T14:49:23","modified_gmt":"2019-09-17T14:49:23","slug":"resueme-firmengruendung-malta","status":"publish","type":"post","link":"http:\/\/malta-firmengruendung.de\/fr\/resueme-firmengruendung-malta","title":{"rendered":"R\u00e9sum\u00e9 cr\u00e9ation d'entreprise Malte"},"content":{"rendered":"<p>\"Mon r\u00e9sum\u00e9 de la cr\u00e9ation d'entreprise \u00e0 Malte est tr\u00e8s positif. Je suis extr\u00eamement satisfait de la forme juridique que j'ai choisie.<!--more--><\/p>\n<p> En 2010, je me suis mis \u00e0 mon compte en Allemagne. Peu de temps apr\u00e8s, j'ai remarqu\u00e9 que la charge fiscale allemande me limitait beaucoup dans mes activit\u00e9s d'entrepreneur. Je me suis donc mis \u00e0 la recherche d'une alternative.<\/p>\n<hr \/>\n<p>Au d\u00e9but, je ne savais pas du tout que je pouvais cr\u00e9er une entreprise maltaise. Et je ne connaissais pas non plus les avantages qui en d\u00e9coulent. Mais j'ai re\u00e7u de nombreux conseils et j'ai d\u00e9cid\u00e9 de cr\u00e9er ma soci\u00e9t\u00e9 ici, dans le sud, o\u00f9 le soleil brille toujours. L'ensemble de la mise en place a \u00e9t\u00e9 pr\u00e9par\u00e9 de mani\u00e8re tr\u00e8s approfondie par mes conseillers, j'ai d\u00fb m'occuper en priorit\u00e9 de mon d\u00e9m\u00e9nagement. Comme je peux exercer mon activit\u00e9 d'entrepreneur Internet n'importe o\u00f9 dans le monde et que rien ne me retient en Allemagne, m\u00eame sur le plan familial, la d\u00e9cision a \u00e9t\u00e9 facile \u00e0 prendre. Je me suis dit : c'est la chance de ma vie ! J'ai eu raison.<\/p>\n<hr \/>\n<p>Comment je me sens aujourd'hui ? Eh bien, ma soci\u00e9t\u00e9 \u00e0 Malte m'offre tout ce dont j'ai besoin pour faire des affaires et vivre. Je b\u00e9n\u00e9ficie d'une protection en mati\u00e8re de responsabilit\u00e9 et d'une acceptation internationale dans un pays politiquement stable de l'UE. Doc, ce n'est pas seulement mon entreprise maltaise qui me rend tr\u00e8s heureux et qui me permet de gagner brillamment ma vie gr\u00e2ce \u00e0 des taux d'imposition tr\u00e8s bas. Le style de vie sur l'\u00eele me pla\u00eet \u00e9galement beaucoup. C'est une vie facile ici, dans le sud, sans la pluie incessante de l'automne allemand qui rend les gens de mauvaise humeur. Je ne regretterai jamais cette d\u00e9cision\" !<\/p>","protected":false},"excerpt":{"rendered":"<p>\"Mon r\u00e9sum\u00e9 de la cr\u00e9ation d'entreprise \u00e0 Malte est tr\u00e8s positif. Je suis extr\u00eamement satisfait de la forme juridique que j'ai choisie.<\/p>","protected":false},"author":1,"featured_media":97,"comment_status":"open","ping_status":"open","sticky":false,"template":"","format":"standard","meta":{"footnotes":""},"categories":[1],"tags":[4,5],"class_list":["post-94","post","type-post","status-publish","format-standard","has-post-thumbnail","hentry","category-uncategorized","tag-firmagruender","tag-malta"],"_links":{"self":[{"href":"http:\/\/malta-firmengruendung.de\/fr\/wp-json\/wp\/v2\/posts\/94","targetHints":{"allow":["GET"]}}],"collection":[{"href":"http:\/\/malta-firmengruendung.de\/fr\/wp-json\/wp\/v2\/posts"}],"about":[{"href":"http:\/\/malta-firmengruendung.de\/fr\/wp-json\/wp\/v2\/types\/post"}],"author":[{"embeddable":true,"href":"http:\/\/malta-firmengruendung.de\/fr\/wp-json\/wp\/v2\/users\/1"}],"replies":[{"embeddable":true,"href":"http:\/\/malta-firmengruendung.de\/fr\/wp-json\/wp\/v2\/comments?post=94"}],"version-history":[{"count":3,"href":"http:\/\/malta-firmengruendung.de\/fr\/wp-json\/wp\/v2\/posts\/94\/revisions"}],"predecessor-version":[{"id":115,"href":"http:\/\/malta-firmengruendung.de\/fr\/wp-json\/wp\/v2\/posts\/94\/revisions\/115"}],"wp:featuredmedia":[{"embeddable":true,"href":"http:\/\/malta-firmengruendung.de\/fr\/wp-json\/wp\/v2\/media\/97"}],"wp:attachment":[{"href":"http:\/\/malta-firmengruendung.de\/fr\/wp-json\/wp\/v2\/media?parent=94"}],"wp:term":[{"taxonomy":"category","embeddable":true,"href":"http:\/\/malta-firmengruendung.de\/fr\/wp-json\/wp\/v2\/categories?post=94"},{"taxonomy":"post_tag","embeddable":true,"href":"http:\/\/malta-firmengruendung.de\/fr\/wp-json\/wp\/v2\/tags?post=94"}],"curies":[{"name":"wp","href":"https:\/\/api.w.org\/{rel}","templated":true}]}}