{"id":193,"date":"2023-11-08T11:36:45","date_gmt":"2023-11-08T11:36:45","guid":{"rendered":"http:\/\/malta-firmengruendung.de\/?p=193"},"modified":"2023-11-08T11:36:45","modified_gmt":"2023-11-08T11:36:45","slug":"entdecken-sie-erstklassige-kosmetikprodukte-im-grosshandel-ihre-zuverlaessigen-lieferanten-und-anbieter-fuer-arganoel-kaktusfeigenkernoel-und-schwarzkuemmeloel","status":"publish","type":"post","link":"http:\/\/malta-firmengruendung.de\/tr\/entdecken-sie-erstklassige-kosmetikprodukte-im-grosshandel-ihre-zuverlaessigen-lieferanten-und-anbieter-fuer-arganoel-kaktusfeigenkernoel-und-schwarzkuemmeloel","title":{"rendered":"Birinci s\u0131n\u0131f kozmetik \u00fcr\u00fcnleri toptan sat\u0131\u015f\u0131n\u0131 ke\u015ffedin - g\u00fcvenilir tedarik\u00e7ileriniz ve argan ya\u011f\u0131, dikenli armut tohumu ya\u011f\u0131 ve \u00e7\u00f6rek otu ya\u011f\u0131 sa\u011flay\u0131c\u0131lar\u0131n\u0131z"},"content":{"rendered":"<p>E\u011fer y\u00fcksek kalite ar\u0131yorsan\u0131z <a href=\"https:\/\/oilux-shop.de\">Kozmetik \u00fcr\u00fcnler<\/a> \u00dcr\u00fcn yelpazenizi geni\u015fletmek veya kendi g\u00fczellik \u00fcr\u00fcnlerinizi yapmak i\u00e7in toptan do\u011fal ya\u011flar ar\u0131yorsan\u0131z, do\u011fru yere geldiniz. Deneyimli tedarik\u00e7iler ve sa\u011flay\u0131c\u0131lar olarak, m\u00fc\u015fterilerinizi memnun etmek i\u00e7in argan ya\u011f\u0131, dikenli armut tohumu ya\u011f\u0131 ve \u00e7\u00f6rek otu ya\u011f\u0131 da dahil olmak \u00fczere \u00e7ok \u00e7e\u015fitli do\u011fal ya\u011flar sunuyoruz. Bu makalede, bu ya\u011flar\u0131n neden bu kadar pop\u00fcler oldu\u011funu ve toptan sat\u0131\u015f ortakl\u0131\u011f\u0131m\u0131zdan nas\u0131l yararlanabilece\u011finizi \u00f6\u011freneceksiniz.<\/p>\n<p><strong>\u00c7ok y\u00f6nl\u00fcl\u00fc\u011f\u00fc <a href=\"https:\/\/oilux-shop.de\/arganoelkosmetik\/\">Argan ya\u011f\u0131<\/a><\/strong><\/p>\n<p>Argan ya\u011f\u0131 do\u011fan\u0131n ger\u00e7ek bir hazinesidir ve kozmetik end\u00fcstrisinde b\u00fcy\u00fck talep g\u00f6rmektedir. Fas'a \u00f6zg\u00fc olan argan a\u011fac\u0131n\u0131n meyvesinin \u00e7ekirdeklerinden elde edilir. E vitamini, doymam\u0131\u015f ya\u011f asitleri ve antioksidanlar a\u00e7\u0131s\u0131ndan zengin olan bu ya\u011f, cilt bak\u0131m \u00fcr\u00fcnleri i\u00e7in ideal bir bile\u015fendir. Argan ya\u011f\u0131 nemlendiricidir, yat\u0131\u015ft\u0131r\u0131c\u0131d\u0131r ve ya\u015flanma belirtilerini azaltmaya yard\u0131mc\u0131 olur. \u00c7ok y\u00f6nl\u00fcd\u00fcr ve hem y\u00fcz bak\u0131m \u00fcr\u00fcnleri hem de sa\u00e7 bak\u0131m \u00fcr\u00fcnleri i\u00e7in uygundur.<\/p>\n<p><strong>Dikenli armut \u00e7ekirde\u011fi ya\u011f\u0131 - g\u00fczellik end\u00fcstrisinden i\u00e7eriden bir ipucu<\/strong><\/p>\n<p>Dikenli armut \u00e7ekirde\u011fi ya\u011f\u0131, do\u011fal kozmetik d\u00fcnyas\u0131ndaki bir ba\u015fka m\u00fccevherdir. Dikenli armut tohumlar\u0131ndan elde edilir ve y\u00fcksek linoleik asit i\u00e7eri\u011fi ile karakterize edilir. Bu ya\u011f g\u00fc\u00e7l\u00fc nemlendirici \u00f6zelliklere sahiptir ve cildin elastikiyetini art\u0131rmaya yard\u0131mc\u0131 olur. Dikenli armut \u00e7ekirde\u011fi ya\u011f\u0131 ayn\u0131 zamanda m\u00fckemmel bir antioksidand\u0131r ve cildin yenilenmesini destekler. \u00d6zellikle ya\u015flanma kar\u015f\u0131t\u0131 \u00fcr\u00fcnlerde pop\u00fclerdir.<\/p>\n<p><strong>\u00c7\u00f6rek otu ya\u011f\u0131n\u0131n b\u00fcy\u00fcs\u00fc<\/strong><\/p>\n<p>\u00c7\u00f6rek otu ya\u011f\u0131 y\u00fczy\u0131llard\u0131r geleneksel t\u0131pta kullan\u0131lan \u00e7ok y\u00f6nl\u00fc do\u011fal bir \u00fcr\u00fcnd\u00fcr. Cildin sa\u011fl\u0131kl\u0131 ve parlak kalmas\u0131na yard\u0131mc\u0131 olan de\u011ferli vitaminler ve mineraller i\u00e7erir. \u00c7\u00f6rek otu ya\u011f\u0131, akne ve egzama gibi cilt sorunlar\u0131n\u0131n tedavisinde etkili bir bile\u015fen olmas\u0131n\u0131 sa\u011flayan anti-enflamatuar ve antibakteriyel \u00f6zelliklere sahiptir. Ayr\u0131ca sa\u00e7 bak\u0131m \u00fcr\u00fcnlerinde sa\u00e7 b\u00fcy\u00fcmesini te\u015fvik etmek ve kafa derisi sorunlar\u0131n\u0131 tedavi etmek i\u00e7in kullan\u0131l\u0131r.<\/p>\n<p><strong>Sizin g\u00fcvenilir <a href=\"https:\/\/oilux-shop.de\/kaktusfeigenkernoel\/\">Tedarik\u00e7iler<\/a> ve sa\u011flay\u0131c\u0131lar<\/strong><\/p>\n<p>G\u00fcvenilir kozmetik \u00fcr\u00fcnleri toptanc\u0131n\u0131z olarak, argan ya\u011f\u0131, dikenli armut tohumu ya\u011f\u0131 ve \u00e7\u00f6rek otu ya\u011f\u0131 gibi y\u00fcksek kaliteli do\u011fal ya\u011flar\u0131 sunmaktan gurur duyuyoruz. \u00dcr\u00fcnlerimiz en y\u00fcksek kalitededir ve safl\u0131klar\u0131n\u0131 ve tazeliklerini korumak i\u00e7in \u00f6zenle tedarik edilir ve paketlenir. M\u00fc\u015fterilerimizin ihtiya\u00e7lar\u0131n\u0131 anl\u0131yor ve rekabet\u00e7i fiyatlar, h\u0131zl\u0131 teslimat s\u00fcreleri ve m\u00fckemmel m\u00fc\u015fteri hizmetleri sunuyoruz.<\/p>\n<p><strong>Toptan sat\u0131\u015f ortakl\u0131\u011f\u0131m\u0131zdan yararlan\u0131n<\/strong><\/p>\n<p>Bir perakendeci, \u00fcretici veya kozmetik \u00fcreticisiyseniz, toptan sat\u0131\u015f ortakl\u0131\u011f\u0131m\u0131zdan yararlanabilirsiniz. \u0130htiya\u00e7lar\u0131n\u0131za g\u00f6re uyarlanm\u0131\u015f \u00f6zel \u00e7\u00f6z\u00fcmler sunuyoruz. \u00dcr\u00fcnlerimizden ister k\u00fc\u00e7\u00fck ister b\u00fcy\u00fck miktarlarda ihtiyac\u0131n\u0131z olsun, yan\u0131n\u0131zday\u0131z. Kozmetik \u00fcr\u00fcnlerimiz kendi bak\u0131m \u00fcr\u00fcnlerinizi \u00fcretmek veya ma\u011fazan\u0131zda satmak i\u00e7in idealdir.<\/p>\n<p><strong>Sonu\u00e7<\/strong><\/p>\n<p>Argan ya\u011f\u0131, dikenli armut tohumu ya\u011f\u0131 ve \u00e7\u00f6rek otu ya\u011f\u0131 kozmetik end\u00fcstrisinin do\u011fal hazineleridir. Deneyimli tedarik\u00e7iler ve sa\u011flay\u0131c\u0131lar olarak, y\u00fcksek kaliteli toptan \u00fcr\u00fcnler sunuyoruz. Bu do\u011fal ya\u011flar\u0131n \u00e7ok y\u00f6nl\u00fcl\u00fc\u011f\u00fcn\u00fc ve faydalar\u0131n\u0131 ke\u015ffedin ve toptan sat\u0131\u015f ortakl\u0131\u011f\u0131m\u0131z\u0131n sizi ikna etmesine izin verin. Y\u00fcksek kaliteli toptan kozmetik \u00fcr\u00fcnleri i\u00e7in g\u00fcvenilir orta\u011f\u0131n\u0131z\u0131z.<\/p>","protected":false},"excerpt":{"rendered":"<p>Wenn Sie nach hochwertigen Kosmetikprodukten im Gro\u00dfhandel suchen, um Ihr Sortiment zu erweitern oder Ihre eigenen Beauty-Produkte herzustellen, sind Sie bei uns genau richtig. Als erfahrene Lieferanten und Anbieter bieten wir eine breite Palette von nat\u00fcrlichen \u00d6len, darunter Argan\u00f6l, Kaktusfeigenkern\u00f6l und Schwarzk\u00fcmmel\u00f6l, um Ihre Kunden zu begeistern. In diesem Artikel erfahren Sie, warum diese \u00d6le <a href=\"http:\/\/malta-firmengruendung.de\/tr\/entdecken-sie-erstklassige-kosmetikprodukte-im-grosshandel-ihre-zuverlaessigen-lieferanten-und-anbieter-fuer-arganoel-kaktusfeigenkernoel-und-schwarzkuemmeloel\" rel=\"nofollow\"><span class=\"sr-only\">Read more about Entdecken Sie erstklassige Kosmetikprodukte im Gro\u00dfhandel \u2013 Ihre zuverl\u00e4ssigen Lieferanten und Anbieter f\u00fcr Argan\u00f6l, Kaktusfeigenkern\u00f6l und Schwarzk\u00fcmmel\u00f6l<\/span>[&hellip;]<\/a><\/p>\n","protected":false},"author":1,"featured_media":194,"comment_status":"open","ping_status":"open","sticky":false,"template":"","format":"standard","meta":{"footnotes":""},"categories":[3],"tags":[],"class_list":["post-193","post","type-post","status-publish","format-standard","has-post-thumbnail","hentry","category-news"],"_links":{"self":[{"href":"http:\/\/malta-firmengruendung.de\/tr\/wp-json\/wp\/v2\/posts\/193","targetHints":{"allow":["GET"]}}],"collection":[{"href":"http:\/\/malta-firmengruendung.de\/tr\/wp-json\/wp\/v2\/posts"}],"about":[{"href":"http:\/\/malta-firmengruendung.de\/tr\/wp-json\/wp\/v2\/types\/post"}],"author":[{"embeddable":true,"href":"http:\/\/malta-firmengruendung.de\/tr\/wp-json\/wp\/v2\/users\/1"}],"replies":[{"embeddable":true,"href":"http:\/\/malta-firmengruendung.de\/tr\/wp-json\/wp\/v2\/comments?post=193"}],"version-history":[{"count":1,"href":"http:\/\/malta-firmengruendung.de\/tr\/wp-json\/wp\/v2\/posts\/193\/revisions"}],"predecessor-version":[{"id":195,"href":"http:\/\/malta-firmengruendung.de\/tr\/wp-json\/wp\/v2\/posts\/193\/revisions\/195"}],"wp:featuredmedia":[{"embeddable":true,"href":"http:\/\/malta-firmengruendung.de\/tr\/wp-json\/wp\/v2\/media\/194"}],"wp:attachment":[{"href":"http:\/\/malta-firmengruendung.de\/tr\/wp-json\/wp\/v2\/media?parent=193"}],"wp:term":[{"taxonomy":"category","embeddable":true,"href":"http:\/\/malta-firmengruendung.de\/tr\/wp-json\/wp\/v2\/categories?post=193"},{"taxonomy":"post_tag","embeddable":true,"href":"http:\/\/malta-firmengruendung.de\/tr\/wp-json\/wp\/v2\/tags?post=193"}],"curies":[{"name":"wp","href":"https:\/\/api.w.org\/{rel}","templated":true}]}}