{"id":94,"date":"2019-09-05T08:50:39","date_gmt":"2019-09-05T08:50:39","guid":{"rendered":"http:\/\/malta-firmengruendung.de\/?p=94"},"modified":"2019-09-17T14:49:23","modified_gmt":"2019-09-17T14:49:23","slug":"resueme-firmengruendung-malta","status":"publish","type":"post","link":"http:\/\/malta-firmengruendung.de\/tr\/resueme-firmengruendung-malta","title":{"rendered":"\u00d6zet \u015firket kurulu\u015fu Malta"},"content":{"rendered":"<p>\"Malta'da bir \u015firket kurma s\u00fcrecimin \u00f6zeti \u00e7ok olumlu. Se\u00e7ti\u011fim yasal yap\u0131dan son derece memnunum.<!--more--><\/p>\n<p> Almanya'da 2010 y\u0131l\u0131nda kendi i\u015fimi kurdum. K\u0131sa bir s\u00fcre sonra, Alman vergi y\u00fck\u00fcn\u00fcn giri\u015fimcilik faaliyetlerimde beni ger\u00e7ekten k\u0131s\u0131tlad\u0131\u011f\u0131n\u0131 fark ettim. Bu y\u00fczden bir alternatif arad\u0131m.<\/p>\n<hr \/>\n<p>\u0130lk ba\u015fta bir Malta \u015firketi kurabilece\u011fimi fark etmemi\u015ftim. Bununla ba\u011flant\u0131l\u0131 avantajlar\u0131n daha da az fark\u0131ndayd\u0131m. Ancak daha sonra kapsaml\u0131 tavsiyeler ald\u0131m ve burada, g\u00fcne\u015fin her zaman parlad\u0131\u011f\u0131 g\u00fcneyde bir \u015firket kurmaya karar verdim. T\u00fcm kurulum dan\u0131\u015fmanlar\u0131m taraf\u0131ndan \u00e7ok kapsaml\u0131 bir \u015fekilde haz\u0131rland\u0131 ve ta\u015f\u0131nma i\u015flemime \u00f6ncelik vermek zorunda kald\u0131m. Bir internet giri\u015fimcisi olarak i\u015fimi d\u00fcnyan\u0131n her yerinde y\u00fcr\u00fctebilece\u011fim ve ailem nedeniyle beni Almanya'da tutan hi\u00e7bir \u015fey olmad\u0131\u011f\u0131 i\u00e7in karar vermek benim i\u00e7in kolay oldu. Kendi kendime d\u00fc\u015f\u00fcnd\u00fcm: Bu hayat\u0131m\u0131n f\u0131rsat\u0131! Ve kesinlikle hakl\u0131yd\u0131m.<\/p>\n<hr \/>\n<p>Bug\u00fcn nas\u0131l\u0131m? Malta'daki \u015firketim bana i\u015f yapmak ve ya\u015famak i\u00e7in ihtiyac\u0131m olan her \u015feyi sunuyor. Siyasi a\u00e7\u0131dan istikrarl\u0131 bir AB \u00fclkesinde sorumluluk korumas\u0131n\u0131n ve uluslararas\u0131 kabul\u00fcn keyfini \u00e7\u0131kar\u0131yorum. Doc Beni mutlu eden sadece Maltal\u0131 \u015firketim de\u011fil, son derece d\u00fc\u015f\u00fck vergi oranlar\u0131 sayesinde \u00e7ok para kazan\u0131yorum. Adadaki ya\u015fam tarz\u0131n\u0131 da ger\u00e7ekten seviyorum. Almanya'n\u0131n sonbahar\u0131nda s\u00fcrekli ya\u011fan ya\u011fmurun olmad\u0131\u011f\u0131 g\u00fcneyde kolay bir ya\u015fam var, bu da bir\u00e7ok k\u00f6t\u00fc huylu insan\u0131n ortaya \u00e7\u0131kmas\u0131na neden oluyor. Bu ta\u015f\u0131nmadan asla pi\u015fman olmayaca\u011f\u0131m!\"<\/p>","protected":false},"excerpt":{"rendered":"<p>\"Malta'da bir \u015firket kurma s\u00fcrecimin \u00f6zeti \u00e7ok olumlu. Se\u00e7ti\u011fim yasal yap\u0131dan son derece memnunum.<\/p>","protected":false},"author":1,"featured_media":97,"comment_status":"open","ping_status":"open","sticky":false,"template":"","format":"standard","meta":{"footnotes":""},"categories":[1],"tags":[4,5],"class_list":["post-94","post","type-post","status-publish","format-standard","has-post-thumbnail","hentry","category-uncategorized","tag-firmagruender","tag-malta"],"_links":{"self":[{"href":"http:\/\/malta-firmengruendung.de\/tr\/wp-json\/wp\/v2\/posts\/94","targetHints":{"allow":["GET"]}}],"collection":[{"href":"http:\/\/malta-firmengruendung.de\/tr\/wp-json\/wp\/v2\/posts"}],"about":[{"href":"http:\/\/malta-firmengruendung.de\/tr\/wp-json\/wp\/v2\/types\/post"}],"author":[{"embeddable":true,"href":"http:\/\/malta-firmengruendung.de\/tr\/wp-json\/wp\/v2\/users\/1"}],"replies":[{"embeddable":true,"href":"http:\/\/malta-firmengruendung.de\/tr\/wp-json\/wp\/v2\/comments?post=94"}],"version-history":[{"count":3,"href":"http:\/\/malta-firmengruendung.de\/tr\/wp-json\/wp\/v2\/posts\/94\/revisions"}],"predecessor-version":[{"id":115,"href":"http:\/\/malta-firmengruendung.de\/tr\/wp-json\/wp\/v2\/posts\/94\/revisions\/115"}],"wp:featuredmedia":[{"embeddable":true,"href":"http:\/\/malta-firmengruendung.de\/tr\/wp-json\/wp\/v2\/media\/97"}],"wp:attachment":[{"href":"http:\/\/malta-firmengruendung.de\/tr\/wp-json\/wp\/v2\/media?parent=94"}],"wp:term":[{"taxonomy":"category","embeddable":true,"href":"http:\/\/malta-firmengruendung.de\/tr\/wp-json\/wp\/v2\/categories?post=94"},{"taxonomy":"post_tag","embeddable":true,"href":"http:\/\/malta-firmengruendung.de\/tr\/wp-json\/wp\/v2\/tags?post=94"}],"curies":[{"name":"wp","href":"https:\/\/api.w.org\/{rel}","templated":true}]}}